{"id":2019,"date":"2017-11-22T10:53:02","date_gmt":"2017-11-22T15:53:02","guid":{"rendered":"https:\/\/ecarrieres.com\/vous-etes-un-employeur-de-choix-10-raisons-de-participer-a-nos-salons\/"},"modified":"2018-02-11T18:42:19","modified_gmt":"2018-02-11T23:42:19","slug":"you-are-an-employer-reasons-to-attend-our-fairs","status":"publish","type":"post","link":"https:\/\/ecarrieres.com\/en\/you-are-an-employer-reasons-to-attend-our-fairs\/","title":{"rendered":"YOU ARE AN EMPLOYER? REASONS TO ATTEND OUR FAIRS"},"content":{"rendered":"<p>[et_pb_section bb_built=&#8221;1&#8243; _builder_version=&#8221;3.0.98&#8243; background_color_gradient_direction=&#8221;128deg&#8221; border_color_all=&#8221;#ffffff&#8221; border_width_right=&#8221;15px&#8221; border_width_left=&#8221;15px&#8221; module_alignment=&#8221;right&#8221; custom_margin=&#8221;|||&#8221; custom_padding=&#8221;0px||0px|&#8221; background_image=&#8221;https:\/\/ecarrieres.com\/wp-content\/uploads\/2017\/11\/DSC_2418.jpg&#8221; use_background_color_gradient=&#8221;on&#8221; background_color_gradient_start=&#8221;rgba(25,27,49,0.86)&#8221; background_color_gradient_end=&#8221;rgba(25,27,49,0.86)&#8221; background_color_gradient_overlays_image=&#8221;on&#8221; next_background_color=&#8221;#000000&#8243;][et_pb_row make_fullwidth=&#8221;on&#8221; use_custom_gutter=&#8221;on&#8221; gutter_width=&#8221;1&#8243; custom_padding=&#8221;0px|0px|41px|0px&#8221; custom_margin=&#8221;0px|0px|0px|0px&#8221; padding_top_1=&#8221;4vw&#8221; padding_right_1=&#8221;4vw&#8221; padding_bottom_1=&#8221;4vw&#8221; padding_left_1=&#8221;4vw&#8221; padding_top_2=&#8221;4vw&#8221; padding_right_2=&#8221;4vw&#8221; padding_bottom_2=&#8221;4vw&#8221; padding_left_2=&#8221;4vw&#8221; _builder_version=&#8221;3.0.89&#8243; module_alignment=&#8221;center&#8221;][et_pb_column type=&#8221;4_4&#8243;][et_pb_text admin_label=&#8221;\u00c9v\u00e9nement carri\u00e8res&#8221; _builder_version=&#8221;3.0.101&#8243; header_font_size=&#8221;32px&#8221; header_text_color=&#8221;#ffffff&#8221; header_2_font=&#8221;Source Sans Pro||on||||||&#8221; header_2_font_size=&#8221;29px&#8221; header_2_text_color=&#8221;#ffffff&#8221; header_2_letter_spacing=&#8221;3px&#8221; custom_margin=&#8221;|||&#8221; custom_margin_tablet=&#8221;0px|||&#8221; custom_margin_last_edited=&#8221;on|desktop&#8221; custom_padding=&#8221;||0.5vw|&#8221; animation_style=&#8221;fade&#8221; text_orientation=&#8221;center&#8221; header_3_font_size=&#8221;24px&#8221; header_3_text_align=&#8221;center&#8221; module_alignment=&#8221;center&#8221; background_layout=&#8221;dark&#8221;]<\/p>\n<h3 style=\"text-align: center;\">NATIONAL CAREER EVENT Blog<\/h3>\n<p>[\/et_pb_text][et_pb_divider show_divider=&#8221;on&#8221; _builder_version=&#8221;3.0.91&#8243; height=&#8221;28px&#8221; divider_style=&#8221;dotted&#8221; divider_weight=&#8221;4px&#8221; max_width=&#8221;12%&#8221; module_alignment=&#8221;center&#8221; \/][et_pb_text admin_label=&#8221;Titre de l&#8217;article&#8221; _builder_version=&#8221;3.0.101&#8243; header_font_size=&#8221;42px&#8221; header_text_color=&#8221;#4ecdc4&#8243; header_2_font=&#8221;Source Sans Pro||on||||||&#8221; header_2_text_align=&#8221;center&#8221; header_2_font_size=&#8221;42px&#8221; header_2_text_color=&#8221;#4ecdc4&#8243; header_2_letter_spacing=&#8221;3px&#8221; custom_margin=&#8221;0px|||&#8221; custom_margin_last_edited=&#8221;on|desktop&#8221; custom_padding=&#8221;2vw|||&#8221; animation_style=&#8221;fade&#8221; header_2_line_height=&#8221;1.1em&#8221; background_layout=&#8221;light&#8221; header_font=&#8221;Source Sans Pro||on||||||&#8221;]<\/p>\n<h1 style=\"text-align: center;\">You are an employer? REASONS TO ATTEND OUR FAIRS<\/h1>\n<p>[\/et_pb_text][et_pb_post_title _builder_version=&#8221;3.0.101&#8243; title=&#8221;off&#8221; meta=&#8221;on&#8221; author=&#8221;on&#8221; date=&#8221;off&#8221; categories=&#8221;on&#8221; comments=&#8221;off&#8221; featured_image=&#8221;off&#8221; featured_placement=&#8221;below&#8221; text_color=&#8221;light&#8221; text_background=&#8221;off&#8221; disabled_on=&#8221;on|off|off&#8221; disabled=&#8221;off&#8221; text_orientation=&#8221;center&#8221; saved_tabs=&#8221;all&#8221; \/][\/et_pb_column][\/et_pb_row][\/et_pb_section][et_pb_section bb_built=&#8221;1&#8243; background_color=&#8221;#ffffff&#8221; _builder_version=&#8221;3.0.89&#8243; background_color_gradient_direction=&#8221;153deg&#8221; border_width_right=&#8221;15px&#8221; border_color_right=&#8221;#ffffff&#8221; border_width_left=&#8221;15px&#8221; border_color_left=&#8221;#ffffff&#8221; max_width_last_edited=&#8221;on|desktop&#8221; custom_padding=&#8221;24px|0px|17px|0px&#8221; disabled=&#8221;off&#8221; disabled_on=&#8221;off|off|off&#8221; prev_background_color=&#8221;#000000&#8243;][et_pb_row][et_pb_column type=&#8221;4_4&#8243;][et_pb_text admin_label=&#8221;intro&#8221; _builder_version=&#8221;3.0.101&#8243; text_font_size=&#8221;22px&#8221; text_text_color=&#8221;#191b31&#8243; custom_margin=&#8221;|||&#8221; custom_padding=&#8221;|||&#8221; custom_padding_tablet=&#8221;0px|||&#8221; custom_padding_last_edited=&#8221;on|phone&#8221; header_2_font_size=&#8221;28px&#8221; header_2_text_align=&#8221;left&#8221; header_2_letter_spacing=&#8221;1px&#8221; background_layout=&#8221;light&#8221;]<\/p>\n<h3>You are hiring? Our job fairs have several benefits for you.<\/h3>\n<p>[\/et_pb_text][et_pb_text admin_label=&#8221;corps du texte&#8221; _builder_version=&#8221;3.0.101&#8243; background_layout=&#8221;light&#8221;]<\/p>\n<p>1. Meeting face-to-face with many candidates <strong>in just one or two days<\/strong>.<\/p>\n<p>2. Meeting<strong> candidates in your field<\/strong>: our employment fairs are specialized, as are those who attend them!<\/p>\n<p>3. Rapidly <strong>increasing your applicant database<\/strong> for future recruitments.<\/p>\n<p>4. Improving and boosting the<strong> image and recognition of your company<\/strong>.<\/p>\n<p>5. Participating in a <strong>major fair in the Quebec<\/strong> employment industry.<\/p>\n<p>6. Benefitting from our <strong>wide-ranging communications campaigns<\/strong>.<\/p>\n<p>8. Benefitting from <strong>our unparallelled customer and logistics services<\/strong>. We will be there to help you from the moment you reserve your booth to the very end of the fair!<\/p>\n<p>[\/et_pb_text][et_pb_image _builder_version=&#8221;3.0.98&#8243; src=&#8221;https:\/\/ecarrieres.com\/wp-content\/uploads\/2017\/11\/DSC_2333.jpg&#8221; show_in_lightbox=&#8221;off&#8221; url_new_window=&#8221;off&#8221; use_overlay=&#8221;off&#8221; always_center_on_mobile=&#8221;on&#8221; force_fullwidth=&#8221;off&#8221; show_bottom_space=&#8221;on&#8221; \/][\/et_pb_column][\/et_pb_row][\/et_pb_section]<\/p>\n","protected":false},"excerpt":{"rendered":"<p>You are hiring? Our job fairs have several benefits for you.<\/p>\n","protected":false},"author":18,"featured_media":0,"comment_status":"open","ping_status":"closed","sticky":false,"template":"","format":"standard","meta":{"_acf_changed":false,"_et_pb_use_builder":"on","_et_pb_old_content":"<ol><li>Pour rencontrer directement de nombreux candidats en\u00a0<b>seulement une \u00e0 deux journ\u00e9es<\/b><\/li><li>Pour participer \u00e0 un\u00a0<b>salon d\u2019envergure<\/b>\u00a0dans le domaine de l\u2019emploi au Qu\u00e9bec.<\/li><li>Pour\u00a0<b>valoriser l\u2019image et accroitre la notori\u00e9t\u00e9 de votre compagnie<\/b><\/li><li>Pour rencontrer des candidats dans votre domaine\u00a0:\u00a0<b>nos salons de l\u2019emploi sont sp\u00e9cialis\u00e9s, les personnes qui se pr\u00e9sentent le sont aussi !<\/b><\/li><li>Pour d\u00e9montrer le\u00a0<b>dynamisme<\/b>\u00a0de votre compagnie<\/li><li>Pour\u00a0<b>augmenter rapidement votre banque de candidats<\/b><\/li><li>Pour profiter de nos\u00a0<b>vastes campagnes de communication<\/b><\/li><li>Pour avoir la chance d\u2019afficher des postes sur le site ecarrieres.com et rejoindre un bassin de<strong>\u00a0plus de 5<\/strong><b>0\u00a0000 candidats<\/b><\/li><li>Pour afficher votre compagnie au c\u00f4t\u00e9 d\u2019autres\u00a0<b>grandes entreprises de votre secteur<\/b><\/li><li>Pour b\u00e9n\u00e9ficier de notre\u00a0<b>irr\u00e9prochable service \u00e0 la client\u00e8le et logistique<\/b>. De la r\u00e9servation de votre stand \u00e0 la fin du salon, nous serons l\u00e0 pour vous simplifier les choses !<\/li><\/ol>","_et_gb_content_width":"","wds_primary_category":0,"footnotes":""},"categories":[58],"tags":[],"class_list":["post-2019","post","type-post","status-publish","format-standard","hentry","category-tips-for-employers"],"acf":[],"publishpress_future_action":{"enabled":false,"date":"2026-05-05 21:51:36","action":"change-status","newStatus":"draft","terms":[],"taxonomy":"category","extraData":[]},"publishpress_future_workflow_manual_trigger":{"enabledWorkflows":[]},"_links":{"self":[{"href":"https:\/\/ecarrieres.com\/en\/wp-json\/wp\/v2\/posts\/2019","targetHints":{"allow":["GET"]}}],"collection":[{"href":"https:\/\/ecarrieres.com\/en\/wp-json\/wp\/v2\/posts"}],"about":[{"href":"https:\/\/ecarrieres.com\/en\/wp-json\/wp\/v2\/types\/post"}],"author":[{"embeddable":true,"href":"https:\/\/ecarrieres.com\/en\/wp-json\/wp\/v2\/users\/18"}],"replies":[{"embeddable":true,"href":"https:\/\/ecarrieres.com\/en\/wp-json\/wp\/v2\/comments?post=2019"}],"version-history":[{"count":6,"href":"https:\/\/ecarrieres.com\/en\/wp-json\/wp\/v2\/posts\/2019\/revisions"}],"predecessor-version":[{"id":2572,"href":"https:\/\/ecarrieres.com\/en\/wp-json\/wp\/v2\/posts\/2019\/revisions\/2572"}],"wp:attachment":[{"href":"https:\/\/ecarrieres.com\/en\/wp-json\/wp\/v2\/media?parent=2019"}],"wp:term":[{"taxonomy":"category","embeddable":true,"href":"https:\/\/ecarrieres.com\/en\/wp-json\/wp\/v2\/categories?post=2019"},{"taxonomy":"post_tag","embeddable":true,"href":"https:\/\/ecarrieres.com\/en\/wp-json\/wp\/v2\/tags?post=2019"}],"curies":[{"name":"wp","href":"https:\/\/api.w.org\/{rel}","templated":true}]}}