{"id":21418,"date":"2022-07-11T08:40:20","date_gmt":"2022-07-11T12:40:20","guid":{"rendered":"https:\/\/ecarrieres.com\/comment-diversifier-sa-recherche-d-emploi-copy\/"},"modified":"2022-07-13T17:24:31","modified_gmt":"2022-07-13T21:24:31","slug":"services-gratuits-salon-emploi","status":"publish","type":"post","link":"https:\/\/ecarrieres.com\/fr\/services-gratuits-salon-emploi\/","title":{"rendered":"Quels services sont propos\u00e9s dans un salon de l\u2019emploi?"},"content":{"rendered":"<p>[et_pb_section fb_built=\u00a0\u00bb1&Prime; _builder_version=\u00a0\u00bb4.16&Prime; use_background_color_gradient=\u00a0\u00bbon\u00a0\u00bb background_color_gradient_direction=\u00a0\u00bb128deg\u00a0\u00bb background_color_gradient_stops=\u00a0\u00bbrgba(25,27,49,0.86) 0%|rgba(25,27,49,0.86) 100%\u00a0\u00bb background_color_gradient_overlays_image=\u00a0\u00bbon\u00a0\u00bb background_color_gradient_start=\u00a0\u00bbrgba(25,27,49,0.86)\u00a0\u00bb background_color_gradient_end=\u00a0\u00bbrgba(25,27,49,0.86)\u00a0\u00bb background_image=\u00a0\u00bbhttps:\/\/ecarrieres.com\/wp-content\/uploads\/2017\/11\/DSC_2418.jpg\u00a0\u00bb module_alignment=\u00a0\u00bbright\u00a0\u00bb custom_margin=\u00a0\u00bb|||\u00a0\u00bb custom_padding=\u00a0\u00bb0px||0px|\u00a0\u00bb da_disable_devices=\u00a0\u00bboff|off|off\u00a0\u00bb border_color_all=\u00a0\u00bb#ffffff\u00a0\u00bb border_width_right=\u00a0\u00bb15px\u00a0\u00bb border_width_left=\u00a0\u00bb15px\u00a0\u00bb global_colors_info=\u00a0\u00bb{}\u00a0\u00bb da_is_popup=\u00a0\u00bboff\u00a0\u00bb da_exit_intent=\u00a0\u00bboff\u00a0\u00bb da_has_close=\u00a0\u00bbon\u00a0\u00bb da_alt_close=\u00a0\u00bboff\u00a0\u00bb da_dark_close=\u00a0\u00bboff\u00a0\u00bb da_not_modal=\u00a0\u00bbon\u00a0\u00bb da_is_singular=\u00a0\u00bboff\u00a0\u00bb da_with_loader=\u00a0\u00bboff\u00a0\u00bb da_has_shadow=\u00a0\u00bbon\u00a0\u00bb][et_pb_row use_custom_gutter=\u00a0\u00bbon\u00a0\u00bb gutter_width=\u00a0\u00bb1&Prime; module_class=\u00a0\u00bb et_pb_row_fullwidth\u00a0\u00bb _builder_version=\u00a0\u00bb4.16&Prime; width=\u00a0\u00bb100%\u00a0\u00bb width_tablet=\u00a0\u00bb100%\u00a0\u00bb width_phone=\u00a0\u00bb\u00a0\u00bb width_last_edited=\u00a0\u00bbon|desktop\u00a0\u00bb max_width=\u00a0\u00bb100%\u00a0\u00bb max_width_tablet=\u00a0\u00bb100%\u00a0\u00bb max_width_phone=\u00a0\u00bb\u00a0\u00bb max_width_last_edited=\u00a0\u00bbon|desktop\u00a0\u00bb module_alignment=\u00a0\u00bbcenter\u00a0\u00bb custom_margin=\u00a0\u00bb0px|0px|0px|0px\u00a0\u00bb custom_padding=\u00a0\u00bb0px|0px|41px|0px\u00a0\u00bb make_fullwidth=\u00a0\u00bbon\u00a0\u00bb global_colors_info=\u00a0\u00bb{}\u00a0\u00bb][et_pb_column type=\u00a0\u00bb4_4&Prime; _builder_version=\u00a0\u00bb4.16&Prime; custom_padding=\u00a0\u00bb4vw|4vw|4vw|4vw\u00a0\u00bb global_colors_info=\u00a0\u00bb{}\u00a0\u00bb custom_padding__hover=\u00a0\u00bb|||\u00a0\u00bb][et_pb_text admin_label=\u00a0\u00bb\u00c9v\u00e9nement carri\u00e8res\u00a0\u00bb _builder_version=\u00a0\u00bb4.16&Prime; header_text_color=\u00a0\u00bb#ffffff\u00a0\u00bb header_font_size=\u00a0\u00bb32px\u00a0\u00bb header_2_font=\u00a0\u00bbSource Sans Pro||on||||||\u00a0\u00bb header_2_text_color=\u00a0\u00bb#ffffff\u00a0\u00bb header_2_font_size=\u00a0\u00bb29px\u00a0\u00bb header_2_letter_spacing=\u00a0\u00bb3px\u00a0\u00bb header_3_text_align=\u00a0\u00bbcenter\u00a0\u00bb header_3_font_size=\u00a0\u00bb24px\u00a0\u00bb text_orientation=\u00a0\u00bbcenter\u00a0\u00bb background_layout=\u00a0\u00bbdark\u00a0\u00bb module_alignment=\u00a0\u00bbcenter\u00a0\u00bb custom_margin=\u00a0\u00bb|||\u00a0\u00bb custom_margin_tablet=\u00a0\u00bb0px|||\u00a0\u00bb custom_margin_phone=\u00a0\u00bb\u00a0\u00bb custom_margin_last_edited=\u00a0\u00bbon|desktop\u00a0\u00bb custom_padding=\u00a0\u00bb||0.5vw|\u00a0\u00bb animation_style=\u00a0\u00bbfade\u00a0\u00bb global_colors_info=\u00a0\u00bb{}\u00a0\u00bb]<\/p>\n<h3 style=\"text-align: center;\">Blogue de l&rsquo;\u00c9v\u00e9nement Carri\u00e8res<\/h3>\n<p>[\/et_pb_text][et_pb_divider color=\u00a0\u00bb#ffffff\u00a0\u00bb divider_style=\u00a0\u00bbdotted\u00a0\u00bb divider_weight=\u00a0\u00bb4px\u00a0\u00bb _builder_version=\u00a0\u00bb4.16&Prime; max_width=\u00a0\u00bb12%\u00a0\u00bb module_alignment=\u00a0\u00bbcenter\u00a0\u00bb height=\u00a0\u00bb28px\u00a0\u00bb global_colors_info=\u00a0\u00bb{}\u00a0\u00bb][\/et_pb_divider][et_pb_text admin_label=\u00a0\u00bbTitre de l&rsquo;article\u00a0\u00bb _builder_version=\u00a0\u00bb4.17.4&Prime; header_font=\u00a0\u00bbSource Sans Pro||on||||||\u00a0\u00bb header_text_color=\u00a0\u00bb#4ecdc4&Prime; header_font_size=\u00a0\u00bb42px\u00a0\u00bb header_2_font=\u00a0\u00bbSource Sans Pro||on||||||\u00a0\u00bb header_2_text_align=\u00a0\u00bbcenter\u00a0\u00bb header_2_text_color=\u00a0\u00bb#4ecdc4&Prime; header_2_font_size=\u00a0\u00bb42px\u00a0\u00bb header_2_letter_spacing=\u00a0\u00bb3px\u00a0\u00bb header_2_line_height=\u00a0\u00bb1.1em\u00a0\u00bb text_orientation=\u00a0\u00bbcenter\u00a0\u00bb custom_margin=\u00a0\u00bb0px|||\u00a0\u00bb custom_margin_tablet=\u00a0\u00bb\u00a0\u00bb custom_margin_phone=\u00a0\u00bb\u00a0\u00bb custom_margin_last_edited=\u00a0\u00bbon|desktop\u00a0\u00bb custom_padding=\u00a0\u00bb2vw|||\u00a0\u00bb animation_style=\u00a0\u00bbfade\u00a0\u00bb global_colors_info=\u00a0\u00bb{}\u00a0\u00bb]<\/p>\n<h1>Quels services sont propos\u00e9s dans un salon de l\u2019emploi\u00a0?<\/h1>\n<p>[\/et_pb_text][et_pb_text admin_label=\u00a0\u00bbArticle invit\u00e9\u00a0\u00bb _builder_version=\u00a0\u00bb4.17.4&Prime; text_text_color=\u00a0\u00bb#ffffff\u00a0\u00bb header_2_text_align=\u00a0\u00bbleft\u00a0\u00bb header_2_font_size=\u00a0\u00bb28px\u00a0\u00bb header_2_letter_spacing=\u00a0\u00bb1px\u00a0\u00bb custom_margin=\u00a0\u00bb|||\u00a0\u00bb custom_padding=\u00a0\u00bb|||\u00a0\u00bb custom_padding_tablet=\u00a0\u00bb0px|||\u00a0\u00bb custom_padding_phone=\u00a0\u00bb\u00a0\u00bb custom_padding_last_edited=\u00a0\u00bbon|phone\u00a0\u00bb global_colors_info=\u00a0\u00bb{}\u00a0\u00bb]<\/p>\n<p style=\"text-align: center;\"><strong>Par l&rsquo;\u00c9v\u00e9nement Carri\u00e8res<\/strong><\/p>\n<p>[\/et_pb_text][et_pb_post_title title=\u00a0\u00bboff\u00a0\u00bb author=\u00a0\u00bboff\u00a0\u00bb date_format=\u00a0\u00bbj M Y\u00a0\u00bb comments=\u00a0\u00bboff\u00a0\u00bb featured_image=\u00a0\u00bboff\u00a0\u00bb text_color=\u00a0\u00bblight\u00a0\u00bb disabled_on=\u00a0\u00bbon|off|off\u00a0\u00bb _builder_version=\u00a0\u00bb4.16&Prime; text_orientation=\u00a0\u00bbcenter\u00a0\u00bb saved_tabs=\u00a0\u00bball\u00a0\u00bb global_colors_info=\u00a0\u00bb{}\u00a0\u00bb]<\/p>\n<p style=\"text-align: center;\">[\/et_pb_post_title][\/et_pb_column][\/et_pb_row][\/et_pb_section][et_pb_section fb_built=\u00a0\u00bb1&Prime; disabled_on=\u00a0\u00bboff|off|off\u00a0\u00bb _builder_version=\u00a0\u00bb4.16&Prime; background_color=\u00a0\u00bb#ffffff\u00a0\u00bb background_color_gradient_direction=\u00a0\u00bb153deg\u00a0\u00bb max_width_tablet=\u00a0\u00bb\u00a0\u00bb max_width_phone=\u00a0\u00bb\u00a0\u00bb max_width_last_edited=\u00a0\u00bbon|desktop\u00a0\u00bb custom_padding=\u00a0\u00bb24px|0px|17px|0px\u00a0\u00bb da_disable_devices=\u00a0\u00bboff|off|off\u00a0\u00bb border_width_right=\u00a0\u00bb15px\u00a0\u00bb border_color_right=\u00a0\u00bb#ffffff\u00a0\u00bb border_width_left=\u00a0\u00bb15px\u00a0\u00bb border_color_left=\u00a0\u00bb#ffffff\u00a0\u00bb global_colors_info=\u00a0\u00bb{}\u00a0\u00bb da_is_popup=\u00a0\u00bboff\u00a0\u00bb da_exit_intent=\u00a0\u00bboff\u00a0\u00bb da_has_close=\u00a0\u00bbon\u00a0\u00bb da_alt_close=\u00a0\u00bboff\u00a0\u00bb da_dark_close=\u00a0\u00bboff\u00a0\u00bb da_not_modal=\u00a0\u00bbon\u00a0\u00bb da_is_singular=\u00a0\u00bboff\u00a0\u00bb da_with_loader=\u00a0\u00bboff\u00a0\u00bb da_has_shadow=\u00a0\u00bbon\u00a0\u00bb][et_pb_row _builder_version=\u00a0\u00bb4.17.4&Prime; background_size=\u00a0\u00bbinitial\u00a0\u00bb background_position=\u00a0\u00bbtop_left\u00a0\u00bb background_repeat=\u00a0\u00bbrepeat\u00a0\u00bb global_colors_info=\u00a0\u00bb{}\u00a0\u00bb][et_pb_column type=\u00a0\u00bb4_4&Prime; _builder_version=\u00a0\u00bb4.16&Prime; custom_padding=\u00a0\u00bb|||\u00a0\u00bb global_colors_info=\u00a0\u00bb{}\u00a0\u00bb custom_padding__hover=\u00a0\u00bb|||\u00a0\u00bb][et_pb_text admin_label=\u00a0\u00bbintro\u00a0\u00bb _builder_version=\u00a0\u00bb4.17.4&Prime; text_text_color=\u00a0\u00bb#191b31&Prime; text_font_size=\u00a0\u00bb15px\u00a0\u00bb header_2_text_align=\u00a0\u00bbleft\u00a0\u00bb header_2_font_size=\u00a0\u00bb28px\u00a0\u00bb header_2_letter_spacing=\u00a0\u00bb1px\u00a0\u00bb text_orientation=\u00a0\u00bbjustified\u00a0\u00bb custom_margin=\u00a0\u00bb|||\u00a0\u00bb custom_padding=\u00a0\u00bb|||\u00a0\u00bb custom_padding_tablet=\u00a0\u00bb0px|||\u00a0\u00bb custom_padding_phone=\u00a0\u00bb\u00a0\u00bb custom_padding_last_edited=\u00a0\u00bbon|phone\u00a0\u00bb global_colors_info=\u00a0\u00bb{}\u00a0\u00bb]<\/p>\n<h2><span data-contrast=\"none\"><\/span><\/h2>\n<h2><span data-contrast=\"none\"><\/span><\/h2>\n<h2><span data-contrast=\"none\"><\/span><\/h2>\n<p>Lors de votre visite \u00e0 <strong>un salon de l\u2019emploi<\/strong>, une foire de l\u2019emploi, un forum de l\u2019emploi ou m\u00eame une journ\u00e9e de l\u2019emploi, vous pourrez parfois profiter d\u2019un espace service. En effet, la plupart des <a href=\"https:\/\/ecarrieres.com\/fr\/evenement\/\">\u00e9v\u00e9nements<\/a> ne sont pas uniquement d\u00e9di\u00e9s \u00e0 des espaces sur l\u2019emploi, bien que cela occupe souvent la majeure partie de l\u2019espace. G\u00e9n\u00e9ralement, au <strong>salon de l\u2019emploi et de la formation<\/strong>, nous proposons diff\u00e9rents services pour vous aider\u00a0!<\/p>\n<p><span data-ccp-props=\"{&quot;201341983&quot;:0,&quot;335559739&quot;:160,&quot;335559740&quot;:259}\"><\/span><\/p>\n<p><span data-ccp-props=\"{&quot;201341983&quot;:0,&quot;335559739&quot;:160,&quot;335559740&quot;:259}\"><\/span><\/p>\n<p>[\/et_pb_text][et_pb_image src=\u00a0\u00bbhttps:\/\/ecarrieres.com\/wp-content\/uploads\/2022\/07\/Salon_Carrie\u0300re_46-scaled.jpg\u00a0\u00bb title_text=\u00a0\u00bbPavillon services\u00a0\u00bb align=\u00a0\u00bbcenter\u00a0\u00bb align_tablet=\u00a0\u00bbcenter\u00a0\u00bb align_phone=\u00a0\u00bb\u00a0\u00bb align_last_edited=\u00a0\u00bbon|desktop\u00a0\u00bb _builder_version=\u00a0\u00bb4.17.4&Prime; max_width=\u00a0\u00bb69%\u00a0\u00bb global_colors_info=\u00a0\u00bb{}\u00a0\u00bb]<\/p>\n<p style=\"text-align: center;\">[\/et_pb_image][et_pb_text admin_label=\u00a0\u00bbcorps du texte\u00a0\u00bb _builder_version=\u00a0\u00bb4.17.4&Prime; text_orientation=\u00a0\u00bbjustified\u00a0\u00bb global_colors_info=\u00a0\u00bb{}\u00a0\u00bb]<\/p>\n<h2>R\u00e9vision de CV<\/h2>\n<p>La premi\u00e8re \u00e9tape pour postuler est g\u00e9n\u00e9ralement de <strong>r\u00e9aliser votre CV<\/strong> en fonction de votre recherche d\u2019emploi. Vous pouvez faire une premi\u00e8re \u00e9bauche de votre CV avec les informations qui vous semblent importantes et l\u2019imprimer pour le faire r\u00e9viser. Faites confiance \u00e0 des professionnels pour vous conseiller et vous aider \u00e0 am\u00e9liorer votre CV et mettre en avant vos points forts\u00a0!<\/p>\n<p>&nbsp;<\/p>\n<h2>Pr\u00e9paration \u00e0 l\u2019entrevue<\/h2>\n<p>Vous souhaitez vous <strong>pr\u00e9parer pour les entrevues<\/strong>\u00a0? Vous ne savez pas comment vous mettre en valeur, r\u00e9pondre aux questions, montrer l\u2019int\u00e9r\u00eat que vous portez au poste\u00a0?<\/p>\n<p>Des professionnels de l\u2019entrevue pourront vous aider, \u00e0 l\u2019aide d\u2019<strong>une simulation d\u2019entrevue<\/strong> pour anticiper et cibler les points d\u2019am\u00e9lioration possible. Vous pourrez profiter de conseils adapt\u00e9s et personnalis\u00e9s.<\/p>\n<p>[\/et_pb_text][et_pb_text admin_label=\u00a0\u00bbcorps du texte\u00a0\u00bb _builder_version=\u00a0\u00bb4.17.4&Prime; text_orientation=\u00a0\u00bbjustified\u00a0\u00bb global_colors_info=\u00a0\u00bb{}\u00a0\u00bb]<\/p>\n<p>&nbsp;<\/p>\n<h2><span>\u00c9<\/span>valuation du niveau de fran\u00e7ais et d\u2019anglais<\/h2>\n<p>Vous souhaitez savoir o\u00f9 se situe votre niveau en anglais ou en fran\u00e7ais, voire les deux\u00a0? Avec ce service d\u2019<strong>\u00e9valuation du niveau de fran\u00e7ais et d\u2019anglais<\/strong> propos\u00e9, vous pourrez rapidement connaitre votre niveau et savoir comment vous am\u00e9liorer. Avec ces informations, vous serez plus arm\u00e9 pour vos candidatures sur la question des langues parl\u00e9es et \u00e9crites.\u00a0<\/p>\n<p>[\/et_pb_text][et_pb_image src=\u00a0\u00bbhttps:\/\/ecarrieres.com\/wp-content\/uploads\/2022\/07\/Salon_Carrie\u0300re_32-scaled.jpg\u00a0\u00bb title_text=\u00a0\u00bbevaluation anglais et fran\u00e7ais\u00a0\u00bb align=\u00a0\u00bbcenter\u00a0\u00bb align_tablet=\u00a0\u00bbcenter\u00a0\u00bb align_phone=\u00a0\u00bb\u00a0\u00bb align_last_edited=\u00a0\u00bbon|desktop\u00a0\u00bb _builder_version=\u00a0\u00bb4.17.4&Prime; max_width=\u00a0\u00bb69%\u00a0\u00bb global_colors_info=\u00a0\u00bb{}\u00a0\u00bb]<\/p>\n<p style=\"text-align: center;\">[\/et_pb_image][et_pb_text admin_label=\u00a0\u00bbcorps du texte\u00a0\u00bb _builder_version=\u00a0\u00bb4.17.4&Prime; text_orientation=\u00a0\u00bbjustified\u00a0\u00bb global_colors_info=\u00a0\u00bb{}\u00a0\u00bb]<\/p>\n<h2><\/h2>\n<h2>Photo professionnelle<\/h2>\n<p>Ce n\u2019est pas toujours \u00e9vident de trouver la bonne photo, qui vous repr\u00e9sente et qui est assez sobre pour un profil professionnel, tout en vous mettant en valeur. A l\u2019occasion de votre venue au salon de l&#8217;emploi, vous pouvez parfois profiter d\u2019une rapide s\u00e9ance avec un<strong> photographe professionnelle<\/strong> pour obtenir un nouveau portrait photo de vous.<\/p>\n<p>Vous pourrez alors valoriser votre profil avec une photo studio. Ce service est lui aussi propos\u00e9 gratuitement\u00a0!<\/p>\n<h1>Conseils LinkedIn<\/h1>\n<h2><\/h2>\n<p>Vous n\u2019avez pas encore de <strong>profil <a href=\"https:\/\/www.linkedin.com\/\">LinkedIn<\/a><\/strong><a href=\"https:\/\/www.linkedin.com\/\">\u00a0<\/a>? Vous ne savez pas comment faire ou par quoi commencer\u00a0? Vous voulez am\u00e9liorer votre pr\u00e9sence sur les r\u00e9seaux professionnels\u00a0? Profitez d\u2019un salon de l\u2019emploi pour recevoir les recommandations d\u2019experts\u00a0! Ces derniers vous permettront de cibler vos besoins et de vous offrir un conseil personnalis\u00e9 pour d\u00e9velopper votre profil LinkedIn.<\/p>\n<p>&nbsp;<\/p>\n<p>&nbsp;<\/p>\n<p>Selon les salons, les services propos\u00e9s peuvent \u00eatre diff\u00e9rents, pensez \u00e0 bien consulter la page de l\u2019\u00e9v\u00e9nement pour connaitre les organismes pr\u00e9sents et le service qui sera offert durant l\u2019\u00e9v\u00e9nement.<\/p>\n<p>Si vous venez avec un groupe, scolaire, r\u00e9insertion, nouveaux arrivants, n\u2019h\u00e9sitez pas \u00e0 nous contacter pour avoir des informations sur les services propos\u00e9s. Votre groupe pourra profiter de ces services, mais aussi consulter les organismes pr\u00e9sents pour connaitre l\u2019ensemble des services qu\u2019ils proposent.<\/p>\n<p>&nbsp;<\/p>\n<p>[\/et_pb_text][et_pb_divider show_divider=\u00a0\u00bboff\u00a0\u00bb _builder_version=\u00a0\u00bb4.16&Prime; max_width=\u00a0\u00bb50%\u00a0\u00bb height=\u00a0\u00bb21px\u00a0\u00bb global_colors_info=\u00a0\u00bb{}\u00a0\u00bb][\/et_pb_divider][\/et_pb_column][\/et_pb_row][et_pb_row _builder_version=\u00a0\u00bb4.16&Prime; background_color=\u00a0\u00bb#f2f2f2&Prime; global_colors_info=\u00a0\u00bb{}\u00a0\u00bb][et_pb_column type=\u00a0\u00bb4_4&Prime; _builder_version=\u00a0\u00bb4.16&Prime; custom_padding=\u00a0\u00bb|||\u00a0\u00bb global_colors_info=\u00a0\u00bb{}\u00a0\u00bb custom_padding__hover=\u00a0\u00bb|||\u00a0\u00bb][et_pb_text _builder_version=\u00a0\u00bb4.17.4&Prime; global_colors_info=\u00a0\u00bb{}\u00a0\u00bb]<\/p>\n<h3 style=\"text-align: center;\">Vous recherchez un emploi?<\/h3>\n<p style=\"text-align: center;\"><span style=\"font-size: 16px;\">Ne ratez pas nos prochains \u00e9v\u00e9nements!\u00a0<\/span><a href=\"https:\/\/ecarrieres.com\/fr\/nous-joindre\/\">Contactez-nous<\/a> pour participer \u00e0 l\u2019un de nos salons!<\/p>\n<p>[\/et_pb_text][\/et_pb_column][\/et_pb_row][\/et_pb_section]<\/p>\n","protected":false},"excerpt":{"rendered":"<p>Nous proposons des services gratuits pour les visiteurs de nos \u00e9v\u00e8nements, notamment lors du Salon de l\u2019Emploi et de la formation continue  \u00e0 Montr\u00e9al!<\/p>\n","protected":false},"author":18,"featured_media":21422,"comment_status":"closed","ping_status":"closed","sticky":false,"template":"","format":"standard","meta":{"_acf_changed":false,"_et_pb_use_builder":"on","_et_pb_old_content":"","_et_gb_content_width":"","wds_primary_category":0,"footnotes":""},"categories":[49],"tags":[],"class_list":["post-21418","post","type-post","status-publish","format-standard","has-post-thumbnail","hentry","category-conseils-aux-chercheurs-demploi"],"acf":[],"publishpress_future_action":{"enabled":false,"date":"2026-05-07 08:50:13","action":"change-status","newStatus":"draft","terms":[],"taxonomy":"category","extraData":[]},"publishpress_future_workflow_manual_trigger":{"enabledWorkflows":[]},"_links":{"self":[{"href":"https:\/\/ecarrieres.com\/fr\/wp-json\/wp\/v2\/posts\/21418","targetHints":{"allow":["GET"]}}],"collection":[{"href":"https:\/\/ecarrieres.com\/fr\/wp-json\/wp\/v2\/posts"}],"about":[{"href":"https:\/\/ecarrieres.com\/fr\/wp-json\/wp\/v2\/types\/post"}],"author":[{"embeddable":true,"href":"https:\/\/ecarrieres.com\/fr\/wp-json\/wp\/v2\/users\/18"}],"replies":[{"embeddable":true,"href":"https:\/\/ecarrieres.com\/fr\/wp-json\/wp\/v2\/comments?post=21418"}],"version-history":[{"count":3,"href":"https:\/\/ecarrieres.com\/fr\/wp-json\/wp\/v2\/posts\/21418\/revisions"}],"predecessor-version":[{"id":21504,"href":"https:\/\/ecarrieres.com\/fr\/wp-json\/wp\/v2\/posts\/21418\/revisions\/21504"}],"wp:featuredmedia":[{"embeddable":true,"href":"https:\/\/ecarrieres.com\/fr\/wp-json\/wp\/v2\/media\/21422"}],"wp:attachment":[{"href":"https:\/\/ecarrieres.com\/fr\/wp-json\/wp\/v2\/media?parent=21418"}],"wp:term":[{"taxonomy":"category","embeddable":true,"href":"https:\/\/ecarrieres.com\/fr\/wp-json\/wp\/v2\/categories?post=21418"},{"taxonomy":"post_tag","embeddable":true,"href":"https:\/\/ecarrieres.com\/fr\/wp-json\/wp\/v2\/tags?post=21418"}],"curies":[{"name":"wp","href":"https:\/\/api.w.org\/{rel}","templated":true}]}}