{"id":32063,"date":"2023-09-11T13:19:47","date_gmt":"2023-09-11T17:19:47","guid":{"rendered":"https:\/\/ecarrieres.com\/lecoute-active-une-competence-a-acquerir-ou-a-perfectionner-copy\/"},"modified":"2023-09-11T13:48:51","modified_gmt":"2023-09-11T17:48:51","slug":"la-technologie-un-atout-pour-la-communication","status":"publish","type":"post","link":"https:\/\/ecarrieres.com\/fr\/la-technologie-un-atout-pour-la-communication\/","title":{"rendered":"LA TECHNOLOGIE UN ATOUT POUR LA COMMUNICATION?"},"content":{"rendered":"<p>[et_pb_section fb_built=\u00a0\u00bb1&Prime; _builder_version=\u00a0\u00bb4.22.1&Prime; background_color=\u00a0\u00bb#22344F\u00a0\u00bb background_enable_image=\u00a0\u00bboff\u00a0\u00bb module_alignment=\u00a0\u00bbright\u00a0\u00bb custom_margin=\u00a0\u00bb|||\u00a0\u00bb custom_padding=\u00a0\u00bb0px||0px|\u00a0\u00bb da_disable_devices=\u00a0\u00bboff|off|off\u00a0\u00bb border_color_all=\u00a0\u00bb#ffffff\u00a0\u00bb border_width_right=\u00a0\u00bb15px\u00a0\u00bb border_width_left=\u00a0\u00bb15px\u00a0\u00bb global_colors_info=\u00a0\u00bb{}\u00a0\u00bb da_is_popup=\u00a0\u00bboff\u00a0\u00bb da_exit_intent=\u00a0\u00bboff\u00a0\u00bb da_has_close=\u00a0\u00bbon\u00a0\u00bb da_alt_close=\u00a0\u00bboff\u00a0\u00bb da_dark_close=\u00a0\u00bboff\u00a0\u00bb da_not_modal=\u00a0\u00bbon\u00a0\u00bb da_is_singular=\u00a0\u00bboff\u00a0\u00bb da_with_loader=\u00a0\u00bboff\u00a0\u00bb da_has_shadow=\u00a0\u00bbon\u00a0\u00bb][et_pb_row use_custom_gutter=\u00a0\u00bbon\u00a0\u00bb gutter_width=\u00a0\u00bb1&Prime; module_class=\u00a0\u00bb et_pb_row_fullwidth\u00a0\u00bb _builder_version=\u00a0\u00bb4.22.1&Prime; width=\u00a0\u00bb100%\u00a0\u00bb width_tablet=\u00a0\u00bb100%\u00a0\u00bb width_phone=\u00a0\u00bb\u00a0\u00bb width_last_edited=\u00a0\u00bbon|desktop\u00a0\u00bb max_width=\u00a0\u00bb100%\u00a0\u00bb max_width_tablet=\u00a0\u00bb100%\u00a0\u00bb max_width_phone=\u00a0\u00bb\u00a0\u00bb max_width_last_edited=\u00a0\u00bbon|desktop\u00a0\u00bb module_alignment=\u00a0\u00bbcenter\u00a0\u00bb custom_margin=\u00a0\u00bb0px|0px|0px|0px\u00a0\u00bb custom_padding=\u00a0\u00bb0px|0px|41px|0px\u00a0\u00bb make_fullwidth=\u00a0\u00bbon\u00a0\u00bb global_colors_info=\u00a0\u00bb{}\u00a0\u00bb][et_pb_column type=\u00a0\u00bb4_4&Prime; _builder_version=\u00a0\u00bb4.16&Prime; custom_padding=\u00a0\u00bb4vw|4vw|4vw|4vw\u00a0\u00bb global_colors_info=\u00a0\u00bb{}\u00a0\u00bb custom_padding__hover=\u00a0\u00bb|||\u00a0\u00bb][et_pb_text admin_label=\u00a0\u00bb\u00c9v\u00e9nement carri\u00e8res\u00a0\u00bb _builder_version=\u00a0\u00bb4.16&Prime; header_text_color=\u00a0\u00bb#ffffff\u00a0\u00bb header_font_size=\u00a0\u00bb32px\u00a0\u00bb header_2_font=\u00a0\u00bbSource Sans Pro||on||||||\u00a0\u00bb header_2_text_color=\u00a0\u00bb#ffffff\u00a0\u00bb header_2_font_size=\u00a0\u00bb29px\u00a0\u00bb header_2_letter_spacing=\u00a0\u00bb3px\u00a0\u00bb header_3_text_align=\u00a0\u00bbcenter\u00a0\u00bb header_3_font_size=\u00a0\u00bb24px\u00a0\u00bb text_orientation=\u00a0\u00bbcenter\u00a0\u00bb background_layout=\u00a0\u00bbdark\u00a0\u00bb module_alignment=\u00a0\u00bbcenter\u00a0\u00bb custom_margin=\u00a0\u00bb|||\u00a0\u00bb custom_margin_tablet=\u00a0\u00bb0px|||\u00a0\u00bb custom_margin_phone=\u00a0\u00bb\u00a0\u00bb custom_margin_last_edited=\u00a0\u00bbon|desktop\u00a0\u00bb custom_padding=\u00a0\u00bb||0.5vw|\u00a0\u00bb animation_style=\u00a0\u00bbfade\u00a0\u00bb global_colors_info=\u00a0\u00bb{}\u00a0\u00bb]<\/p>\n<h3 style=\"text-align: center\">Blogue de l&rsquo;\u00c9v\u00e9nement Carri\u00e8res<\/h3>\n<p>[\/et_pb_text][et_pb_divider color=\u00a0\u00bb#ffffff\u00a0\u00bb divider_style=\u00a0\u00bbdotted\u00a0\u00bb divider_weight=\u00a0\u00bb4px\u00a0\u00bb _builder_version=\u00a0\u00bb4.22.1&Prime; max_width=\u00a0\u00bb12%\u00a0\u00bb module_alignment=\u00a0\u00bbcenter\u00a0\u00bb height=\u00a0\u00bb28px\u00a0\u00bb global_colors_info=\u00a0\u00bb{}\u00a0\u00bb]&nbsp;<br \/>\n[\/et_pb_divider][et_pb_text admin_label=\u00a0\u00bbTitre de l&rsquo;article\u00a0\u00bb _builder_version=\u00a0\u00bb4.22.1&Prime; header_font=\u00a0\u00bbSource Sans Pro||on||||||\u00a0\u00bb header_text_color=\u00a0\u00bb#4ecdc4&Prime; header_font_size=\u00a0\u00bb42px\u00a0\u00bb header_2_font=\u00a0\u00bbSource Sans Pro||on||||||\u00a0\u00bb header_2_text_align=\u00a0\u00bbcenter\u00a0\u00bb header_2_text_color=\u00a0\u00bb#4ecdc4&Prime; header_2_font_size=\u00a0\u00bb42px\u00a0\u00bb header_2_letter_spacing=\u00a0\u00bb3px\u00a0\u00bb header_2_line_height=\u00a0\u00bb1.1em\u00a0\u00bb text_orientation=\u00a0\u00bbcenter\u00a0\u00bb custom_margin=\u00a0\u00bb0px|||\u00a0\u00bb custom_margin_tablet=\u00a0\u00bb\u00a0\u00bb custom_margin_phone=\u00a0\u00bb\u00a0\u00bb custom_margin_last_edited=\u00a0\u00bbon|desktop\u00a0\u00bb custom_padding=\u00a0\u00bb2vw|||\u00a0\u00bb animation_style=\u00a0\u00bbfade\u00a0\u00bb global_colors_info=\u00a0\u00bb{}\u00a0\u00bb]<\/p>\n<h1 style=\"text-align: center;\">LA TECHNOLOGIE UN ATOUT POUR LA COMMUNICATION?<\/h1>\n<p>[\/et_pb_text][et_pb_text admin_label=\u00a0\u00bbArticle invit\u00e9\u00a0\u00bb _builder_version=\u00a0\u00bb4.22.1&Prime; text_text_color=\u00a0\u00bb#ffffff\u00a0\u00bb header_2_text_align=\u00a0\u00bbleft\u00a0\u00bb header_2_font_size=\u00a0\u00bb28px\u00a0\u00bb header_2_letter_spacing=\u00a0\u00bb1px\u00a0\u00bb custom_margin=\u00a0\u00bb|||\u00a0\u00bb custom_padding=\u00a0\u00bb|||\u00a0\u00bb custom_padding_tablet=\u00a0\u00bb0px|||\u00a0\u00bb custom_padding_phone=\u00a0\u00bb\u00a0\u00bb custom_padding_last_edited=\u00a0\u00bbon|phone\u00a0\u00bb global_colors_info=\u00a0\u00bb{}\u00a0\u00bb]<\/p>\n<p style=\"text-align: center;\"><strong>Article invit\u00e9 I Article r\u00e9dig\u00e9 par Elise Lalonde, conseill\u00e8re en int\u00e9gration socioprofessionnelle \u00e0 la CITIM<\/strong><\/p>\n<p>[\/et_pb_text][et_pb_post_title title=\u00a0\u00bboff\u00a0\u00bb author=\u00a0\u00bboff\u00a0\u00bb date_format=\u00a0\u00bbj M Y\u00a0\u00bb comments=\u00a0\u00bboff\u00a0\u00bb featured_image=\u00a0\u00bboff\u00a0\u00bb text_color=\u00a0\u00bblight\u00a0\u00bb disabled_on=\u00a0\u00bbon|off|off\u00a0\u00bb _builder_version=\u00a0\u00bb4.22.1&Prime; text_orientation=\u00a0\u00bbcenter\u00a0\u00bb saved_tabs=\u00a0\u00bball\u00a0\u00bb global_colors_info=\u00a0\u00bb{}\u00a0\u00bb]&nbsp;<\/p>\n<p style=\"text-align: center\">[\/et_pb_post_title][\/et_pb_column][\/et_pb_row][\/et_pb_section][et_pb_section fb_built=\u00a0\u00bb1&Prime; disabled_on=\u00a0\u00bboff|off|off\u00a0\u00bb _builder_version=\u00a0\u00bb4.16&Prime; background_color=\u00a0\u00bb#ffffff\u00a0\u00bb background_color_gradient_direction=\u00a0\u00bb153deg\u00a0\u00bb max_width_tablet=\u00a0\u00bb\u00a0\u00bb max_width_phone=\u00a0\u00bb\u00a0\u00bb max_width_last_edited=\u00a0\u00bbon|desktop\u00a0\u00bb custom_padding=\u00a0\u00bb24px|0px|17px|0px\u00a0\u00bb da_disable_devices=\u00a0\u00bboff|off|off\u00a0\u00bb border_width_right=\u00a0\u00bb15px\u00a0\u00bb border_color_right=\u00a0\u00bb#ffffff\u00a0\u00bb border_width_left=\u00a0\u00bb15px\u00a0\u00bb border_color_left=\u00a0\u00bb#ffffff\u00a0\u00bb global_colors_info=\u00a0\u00bb{}\u00a0\u00bb da_is_popup=\u00a0\u00bboff\u00a0\u00bb da_exit_intent=\u00a0\u00bboff\u00a0\u00bb da_has_close=\u00a0\u00bbon\u00a0\u00bb da_alt_close=\u00a0\u00bboff\u00a0\u00bb da_dark_close=\u00a0\u00bboff\u00a0\u00bb da_not_modal=\u00a0\u00bbon\u00a0\u00bb da_is_singular=\u00a0\u00bboff\u00a0\u00bb da_with_loader=\u00a0\u00bboff\u00a0\u00bb da_has_shadow=\u00a0\u00bbon\u00a0\u00bb][et_pb_row _builder_version=\u00a0\u00bb4.16&Prime; background_size=\u00a0\u00bbinitial\u00a0\u00bb background_position=\u00a0\u00bbtop_left\u00a0\u00bb background_repeat=\u00a0\u00bbrepeat\u00a0\u00bb global_colors_info=\u00a0\u00bb{}\u00a0\u00bb][et_pb_column type=\u00a0\u00bb4_4&Prime; _builder_version=\u00a0\u00bb4.16&Prime; custom_padding=\u00a0\u00bb|||\u00a0\u00bb global_colors_info=\u00a0\u00bb{}\u00a0\u00bb custom_padding__hover=\u00a0\u00bb|||\u00a0\u00bb][et_pb_text admin_label=\u00a0\u00bbintro\u00a0\u00bb _builder_version=\u00a0\u00bb4.22.1&Prime; text_text_color=\u00a0\u00bb#191b31&Prime; text_font_size=\u00a0\u00bb15px\u00a0\u00bb header_2_text_align=\u00a0\u00bbleft\u00a0\u00bb header_2_font_size=\u00a0\u00bb28px\u00a0\u00bb header_2_letter_spacing=\u00a0\u00bb1px\u00a0\u00bb text_orientation=\u00a0\u00bbjustified\u00a0\u00bb custom_margin=\u00a0\u00bb|||\u00a0\u00bb custom_padding=\u00a0\u00bb|||\u00a0\u00bb custom_padding_tablet=\u00a0\u00bb0px|||\u00a0\u00bb custom_padding_phone=\u00a0\u00bb\u00a0\u00bb custom_padding_last_edited=\u00a0\u00bbon|phone\u00a0\u00bb global_colors_info=\u00a0\u00bb{}\u00a0\u00bb]<\/p>\n<p><strong>La communication est un \u00e9l\u00e9ment essentiel de la recherche d\u2019emploi, cela semble bien \u00e9vident.\u00a0 Il faut une communication de qualit\u00e9 avec les employeurs pour pouvoir faire valoir ses comp\u00e9tences en tant que professionnel.le en recherche d\u2019un emploi. \u00c9galement, une fois embauch\u00e9, une fois en poste, il ne faudra pas d\u00e9cevoir sur ce plan. Est-on le bon communicateur que l\u2019on croit \u00eatre?<\/strong><\/p>\n<p>[\/et_pb_text][\/et_pb_column][\/et_pb_row][et_pb_row _builder_version=\u00a0\u00bb4.22.1&Prime; _module_preset=\u00a0\u00bbdefault\u00a0\u00bb global_colors_info=\u00a0\u00bb{}\u00a0\u00bb][et_pb_column type=\u00a0\u00bb4_4&Prime; _builder_version=\u00a0\u00bb4.22.1&Prime; _module_preset=\u00a0\u00bbdefault\u00a0\u00bb global_colors_info=\u00a0\u00bb{}\u00a0\u00bb][et_pb_image src=\u00a0\u00bbhttps:\/\/ecarrieres.com\/wp-content\/uploads\/2023\/09\/article_EC_102023-v2.png\u00a0\u00bb title_text=\u00a0\u00bbarticle_EC_102023 v2&Prime; align=\u00a0\u00bbcenter\u00a0\u00bb _builder_version=\u00a0\u00bb4.22.1&Prime; _module_preset=\u00a0\u00bbdefault\u00a0\u00bb width=\u00a0\u00bb58%\u00a0\u00bb global_colors_info=\u00a0\u00bb{}\u00a0\u00bb][\/et_pb_image][\/et_pb_column][\/et_pb_row][et_pb_row _builder_version=\u00a0\u00bb4.16&Prime; background_size=\u00a0\u00bbinitial\u00a0\u00bb background_position=\u00a0\u00bbtop_left\u00a0\u00bb background_repeat=\u00a0\u00bbrepeat\u00a0\u00bb global_colors_info=\u00a0\u00bb{}\u00a0\u00bb][et_pb_column type=\u00a0\u00bb4_4&Prime; _builder_version=\u00a0\u00bb4.16&Prime; custom_padding=\u00a0\u00bb|||\u00a0\u00bb global_colors_info=\u00a0\u00bb{}\u00a0\u00bb custom_padding__hover=\u00a0\u00bb|||\u00a0\u00bb][et_pb_text admin_label=\u00a0\u00bbcorps du texte\u00a0\u00bb _builder_version=\u00a0\u00bb4.22.1&Prime; text_orientation=\u00a0\u00bbjustified\u00a0\u00bb global_colors_info=\u00a0\u00bb{}\u00a0\u00bb]<\/p>\n<p>Oui, nos outils de communication doivent \u00eatre parfaits\u00a0: bon cv clair et accrocheur, lettre motivante, discours et pitch de vente efficace et tr\u00e8s bonne maitrise de l\u2019entrevue. De m\u00eame pour l\u2019employeur, qui s\u2019il souhaite attirer l\u2019attention des meilleur.es candidat.es, se doit d\u2019avoir un bon canal de communication ainsi qu\u2019une bonne proposition d\u2019emploi bien d\u00e9crite et attrayante.<\/p>\n<p>Mais qu\u2019en est-il en 2023 avec cette technologie qui est omnipr\u00e9sente et qui nous connecte en continu, 24hres \/ 24? Nous aide-t-elle \u00e0 \u00eatre de meilleurs communicateurs? Voici ce qu\u2019en pense Celeste Headlee, journaliste am\u00e9ricaine chevronn\u00e9e de 20 ans d\u2019exp\u00e9rience du NPR et media publique, conf\u00e9renci\u00e8re, id\u00e9atrice , h\u00f4te d\u2019une \u00e9mission quotidien pendant 4 ann\u00e9es et dipl\u00f4m\u00e9e de Harvard Business School.\u00a0 Dans son TED talk \u00a0: \u2018\u201910 ways to have a better conversation\u2019\u2019 traduit en fran\u00e7ais par 10 fa\u00e7ons d\u2019avoir une meilleure conversation, voici ce qu\u2019elle nous apprend. Le tiers des jeunes am\u00e9ricains envoient environ 100 textos par jour, ils textent plus qu\u2019ils ne parlent. Cela vous \u00e9tonne? Cach\u00e9 derri\u00e8re les \u00e9crans, le face-\u00e0-face n\u2019existe plus. La comp\u00e9tence conversationnelle n\u2019est plus enseign\u00e9e, nous dit-elle.<\/p>\n<p>D\u2019accord, ici nous parlons ici d\u2019Am\u00e9ricains, mais croyez-vous vraiment que ce soit tr\u00e8s diff\u00e9rent pour des Qu\u00e9b\u00e9cois, Canadiens, Colombiens, Fran\u00e7ais ou Tunisiens? De nos jours, on s\u2019exprime beaucoup sur internet, on donne notre avis, on se met en sc\u00e8ne et on raconte notre quotidien. Il y a de nombreuses plateformes qui le permette, mais pour autant, savons-nous encore bien communiquer?<\/p>\n<p>Il existe 4 principaux styles de communication : le relationnel, le sociable, le penseur et le directeur. Il est important de conna\u00eetre son style de communication mais aussi comprendre celui des autres. La communication est une comp\u00e9tence \u00e0 ma\u00eetriser autant dans la vie professionnelle que personnelle et implique souvent la capacit\u00e9 de passer d&rsquo;un style \u00e0 un autre pour s\u2019assurer que notre message soit bien transmis \u00e0 notre interlocuteur.<\/p>\n<p>Et vous, \u00eates-vous \u00e0 l\u2019aise dans votre communication et pr\u00eat \u00e0 convaincre les employeurs pour d\u00e9crocher l\u2019emploi convoit\u00e9 et \u00e0 int\u00e9grer votre nouveau milieu de travail? Si vous voulez en avoir le c\u0153ur net, participez au <a href=\"https:\/\/www.citim.org\/emploi\/parcours-travailler-au-quebec\/\">parcours Travailler au Qu\u00e9bec<\/a> \u00e0 la CITIM.<\/p>\n<h4>\u200b<\/h4>\n<p>[\/et_pb_text][et_pb_divider show_divider=\u00a0\u00bboff\u00a0\u00bb _builder_version=\u00a0\u00bb4.22.1&Prime; max_width=\u00a0\u00bb50%\u00a0\u00bb height=\u00a0\u00bb21px\u00a0\u00bb global_colors_info=\u00a0\u00bb{}\u00a0\u00bb][\/et_pb_divider][\/et_pb_column][\/et_pb_row][et_pb_row _builder_version=\u00a0\u00bb4.16&Prime; background_color=\u00a0\u00bb#f2f2f2&Prime; global_colors_info=\u00a0\u00bb{}\u00a0\u00bb][et_pb_column type=\u00a0\u00bb4_4&Prime; _builder_version=\u00a0\u00bb4.16&Prime; custom_padding=\u00a0\u00bb|||\u00a0\u00bb global_colors_info=\u00a0\u00bb{}\u00a0\u00bb custom_padding__hover=\u00a0\u00bb|||\u00a0\u00bb][et_pb_text _builder_version=\u00a0\u00bb4.22.1&Prime; global_colors_info=\u00a0\u00bb{}\u00a0\u00bb]<\/p>\n<h3 style=\"text-align: center;\"><strong>Int\u00e9ress\u00e9(e) par les services de la CITIM?<\/strong><\/h3>\n<p style=\"text-align: center;\">Prenez rendez-vous avec nos conseillers en emploi \u00e0 la <a href=\"https:\/\/citim.org\/\" target=\"_blank\" rel=\"noopener noreferrer\">CITIM<\/a> via notre <a href=\"https:\/\/citim.org\/contact\" target=\"_blank\" rel=\"noopener noreferrer\">formulaire de contact<\/a>. Situ\u00e9e au centre-ville de Montr\u00e9al \u00e0 2 minutes du m\u00e9tro Berri UQAM, la CITIM aide \u00e0 l\u2019installation et \u00e0 l\u2019insertion professionnelle des personnes immigrantes au Qu\u00e9bec.<\/p>\n<p style=\"text-align: center;\">[\/et_pb_text][\/et_pb_column][\/et_pb_row][\/et_pb_section]<\/p>\n","protected":false},"excerpt":{"rendered":"<p>La communication est un \u00e9l\u00e9ment essentiel de la recherche d\u2019emploi, cela semble bien \u00e9vident.  Il faut une communication de qualit\u00e9 avec les employeurs pour pouvoir faire valoir ses comp\u00e9tences en tant que professionnel.le en recherche d\u2019un emploi. \u00c9galement, une fois embauch\u00e9, une fois en poste, il ne faudra pas d\u00e9cevoir sur ce plan. Est-on le bon communicateur que l\u2019on croit \u00eatre?<\/p>\n","protected":false},"author":18,"featured_media":32064,"comment_status":"closed","ping_status":"closed","sticky":false,"template":"","format":"standard","meta":{"_acf_changed":false,"_et_pb_use_builder":"on","_et_pb_old_content":"","_et_gb_content_width":"","wds_primary_category":0,"footnotes":""},"categories":[49],"tags":[],"class_list":["post-32063","post","type-post","status-publish","format-standard","has-post-thumbnail","hentry","category-conseils-aux-chercheurs-demploi"],"acf":[],"publishpress_future_action":{"enabled":false,"date":"2026-05-09 06:39:35","action":"change-status","newStatus":"draft","terms":[],"taxonomy":"category","extraData":[]},"publishpress_future_workflow_manual_trigger":{"enabledWorkflows":[]},"_links":{"self":[{"href":"https:\/\/ecarrieres.com\/fr\/wp-json\/wp\/v2\/posts\/32063","targetHints":{"allow":["GET"]}}],"collection":[{"href":"https:\/\/ecarrieres.com\/fr\/wp-json\/wp\/v2\/posts"}],"about":[{"href":"https:\/\/ecarrieres.com\/fr\/wp-json\/wp\/v2\/types\/post"}],"author":[{"embeddable":true,"href":"https:\/\/ecarrieres.com\/fr\/wp-json\/wp\/v2\/users\/18"}],"replies":[{"embeddable":true,"href":"https:\/\/ecarrieres.com\/fr\/wp-json\/wp\/v2\/comments?post=32063"}],"version-history":[{"count":3,"href":"https:\/\/ecarrieres.com\/fr\/wp-json\/wp\/v2\/posts\/32063\/revisions"}],"predecessor-version":[{"id":32082,"href":"https:\/\/ecarrieres.com\/fr\/wp-json\/wp\/v2\/posts\/32063\/revisions\/32082"}],"wp:featuredmedia":[{"embeddable":true,"href":"https:\/\/ecarrieres.com\/fr\/wp-json\/wp\/v2\/media\/32064"}],"wp:attachment":[{"href":"https:\/\/ecarrieres.com\/fr\/wp-json\/wp\/v2\/media?parent=32063"}],"wp:term":[{"taxonomy":"category","embeddable":true,"href":"https:\/\/ecarrieres.com\/fr\/wp-json\/wp\/v2\/categories?post=32063"},{"taxonomy":"post_tag","embeddable":true,"href":"https:\/\/ecarrieres.com\/fr\/wp-json\/wp\/v2\/tags?post=32063"}],"curies":[{"name":"wp","href":"https:\/\/api.w.org\/{rel}","templated":true}]}}