{"id":5439,"date":"2018-12-17T16:01:34","date_gmt":"2018-12-17T21:01:34","guid":{"rendered":"https:\/\/ecarrieres.com\/conseils-pour-preparer-votre-venue-a-un-salon-de-lemplo-copy\/"},"modified":"2018-12-18T11:44:10","modified_gmt":"2018-12-18T16:44:10","slug":"comment-shabiller-en-hiver-pour-une-entrevue-dembauche","status":"publish","type":"post","link":"https:\/\/ecarrieres.com\/fr\/comment-shabiller-en-hiver-pour-une-entrevue-dembauche\/","title":{"rendered":"Comment s\u2019habiller en hiver pour une entrevue d\u2019embauche?"},"content":{"rendered":"<p>[et_pb_section bb_built=\u00a0\u00bb1&Prime; _builder_version=\u00a0\u00bb3.0.98&Prime; background_color_gradient_direction=\u00a0\u00bb128deg\u00a0\u00bb border_color_all=\u00a0\u00bb#ffffff\u00a0\u00bb border_width_right=\u00a0\u00bb15px\u00a0\u00bb border_width_left=\u00a0\u00bb15px\u00a0\u00bb module_alignment=\u00a0\u00bbright\u00a0\u00bb custom_margin=\u00a0\u00bb|||\u00a0\u00bb custom_padding=\u00a0\u00bb0px||0px|\u00a0\u00bb background_image=\u00a0\u00bbhttps:\/\/ecarrieres.com\/wp-content\/uploads\/2017\/11\/DSC_2418.jpg\u00a0\u00bb use_background_color_gradient=\u00a0\u00bbon\u00a0\u00bb background_color_gradient_start=\u00a0\u00bbrgba(25,27,49,0.86)\u00a0\u00bb background_color_gradient_end=\u00a0\u00bbrgba(25,27,49,0.86)\u00a0\u00bb background_color_gradient_overlays_image=\u00a0\u00bbon\u00a0\u00bb next_background_color=\u00a0\u00bb#ffffff\u00a0\u00bb][et_pb_row make_fullwidth=\u00a0\u00bbon\u00a0\u00bb use_custom_gutter=\u00a0\u00bbon\u00a0\u00bb gutter_width=\u00a0\u00bb1&Prime; custom_padding=\u00a0\u00bb0px|0px|41px|0px\u00a0\u00bb custom_margin=\u00a0\u00bb0px|0px|0px|0px\u00a0\u00bb padding_top_1=\u00a0\u00bb4vw\u00a0\u00bb padding_right_1=\u00a0\u00bb4vw\u00a0\u00bb padding_bottom_1=\u00a0\u00bb4vw\u00a0\u00bb padding_left_1=\u00a0\u00bb4vw\u00a0\u00bb padding_top_2=\u00a0\u00bb4vw\u00a0\u00bb padding_right_2=\u00a0\u00bb4vw\u00a0\u00bb padding_bottom_2=\u00a0\u00bb4vw\u00a0\u00bb padding_left_2=\u00a0\u00bb4vw\u00a0\u00bb _builder_version=\u00a0\u00bb3.0.89&Prime; module_alignment=\u00a0\u00bbcenter\u00a0\u00bb][et_pb_column type=\u00a0\u00bb4_4&Prime;][et_pb_text admin_label=\u00a0\u00bb\u00c9v\u00e9nement carri\u00e8res\u00a0\u00bb _builder_version=\u00a0\u00bb3.0.98&Prime; header_font_size=\u00a0\u00bb32px\u00a0\u00bb header_text_color=\u00a0\u00bb#ffffff\u00a0\u00bb header_2_font=\u00a0\u00bbSource Sans Pro||on||||||\u00a0\u00bb header_2_font_size=\u00a0\u00bb29px\u00a0\u00bb header_2_text_color=\u00a0\u00bb#ffffff\u00a0\u00bb header_2_letter_spacing=\u00a0\u00bb3px\u00a0\u00bb custom_margin=\u00a0\u00bb|||\u00a0\u00bb custom_margin_tablet=\u00a0\u00bb0px|||\u00a0\u00bb custom_margin_last_edited=\u00a0\u00bbon|desktop\u00a0\u00bb custom_padding=\u00a0\u00bb||0.5vw|\u00a0\u00bb animation_style=\u00a0\u00bbfade\u00a0\u00bb text_orientation=\u00a0\u00bbcenter\u00a0\u00bb header_3_font_size=\u00a0\u00bb24px\u00a0\u00bb header_3_text_align=\u00a0\u00bbcenter\u00a0\u00bb module_alignment=\u00a0\u00bbcenter\u00a0\u00bb background_layout=\u00a0\u00bbdark\u00a0\u00bb]<\/p>\n<h3 style=\"text-align: center;\">Blogue de l&rsquo;\u00c9v\u00e9nement Carri\u00e8res<\/h3>\n<p>[\/et_pb_text][et_pb_divider show_divider=\u00a0\u00bbon\u00a0\u00bb _builder_version=\u00a0\u00bb3.0.91&Prime; height=\u00a0\u00bb28px\u00a0\u00bb divider_style=\u00a0\u00bbdotted\u00a0\u00bb divider_weight=\u00a0\u00bb4px\u00a0\u00bb max_width=\u00a0\u00bb12%\u00a0\u00bb module_alignment=\u00a0\u00bbcenter\u00a0\u00bb color=\u00a0\u00bb#ffffff\u00a0\u00bb \/][et_pb_text admin_label=\u00a0\u00bbTitre de l&rsquo;article\u00a0\u00bb _builder_version=\u00a0\u00bb3.15&Prime; header_font_size=\u00a0\u00bb42px\u00a0\u00bb header_text_color=\u00a0\u00bb#4ecdc4&Prime; header_2_font=\u00a0\u00bbSource Sans Pro||on||||||\u00a0\u00bb header_2_text_align=\u00a0\u00bbcenter\u00a0\u00bb header_2_font_size=\u00a0\u00bb42px\u00a0\u00bb header_2_text_color=\u00a0\u00bb#4ecdc4&Prime; header_2_letter_spacing=\u00a0\u00bb3px\u00a0\u00bb custom_margin=\u00a0\u00bb0px|||\u00a0\u00bb custom_margin_last_edited=\u00a0\u00bbon|desktop\u00a0\u00bb custom_padding=\u00a0\u00bb2vw|||\u00a0\u00bb animation_style=\u00a0\u00bbfade\u00a0\u00bb header_2_line_height=\u00a0\u00bb1.1em\u00a0\u00bb header_font=\u00a0\u00bbSource Sans Pro||on||||||\u00a0\u00bb]<\/p>\n<h1 style=\"text-align: center;\">COMMENT S\u2019HABILLER EN HIVER POUR UNE ENTREVUE D\u2019EMBAUCHE?<\/h1>\n<p>[\/et_pb_text][et_pb_post_title _builder_version=\u00a0\u00bb3.0.101&Prime; title=\u00a0\u00bboff\u00a0\u00bb meta=\u00a0\u00bbon\u00a0\u00bb author=\u00a0\u00bbon\u00a0\u00bb date=\u00a0\u00bbon\u00a0\u00bb categories=\u00a0\u00bbon\u00a0\u00bb comments=\u00a0\u00bboff\u00a0\u00bb featured_image=\u00a0\u00bboff\u00a0\u00bb featured_placement=\u00a0\u00bbbelow\u00a0\u00bb text_color=\u00a0\u00bblight\u00a0\u00bb text_background=\u00a0\u00bboff\u00a0\u00bb disabled_on=\u00a0\u00bbon|off|off\u00a0\u00bb disabled=\u00a0\u00bboff\u00a0\u00bb text_orientation=\u00a0\u00bbcenter\u00a0\u00bb saved_tabs=\u00a0\u00bball\u00a0\u00bb date_format=\u00a0\u00bbj M Y\u00a0\u00bb \/][\/et_pb_column][\/et_pb_row][\/et_pb_section][et_pb_section bb_built=\u00a0\u00bb1&Prime; background_color=\u00a0\u00bb#ffffff\u00a0\u00bb _builder_version=\u00a0\u00bb3.0.89&Prime; background_color_gradient_direction=\u00a0\u00bb153deg\u00a0\u00bb border_width_right=\u00a0\u00bb15px\u00a0\u00bb border_color_right=\u00a0\u00bb#ffffff\u00a0\u00bb border_width_left=\u00a0\u00bb15px\u00a0\u00bb border_color_left=\u00a0\u00bb#ffffff\u00a0\u00bb max_width_last_edited=\u00a0\u00bbon|desktop\u00a0\u00bb custom_padding=\u00a0\u00bb24px|0px|17px|0px\u00a0\u00bb disabled=\u00a0\u00bboff\u00a0\u00bb disabled_on=\u00a0\u00bboff|off|off\u00a0\u00bb prev_background_color=\u00a0\u00bb#000000&Prime;][et_pb_row][et_pb_column type=\u00a0\u00bb4_4&Prime;][et_pb_text admin_label=\u00a0\u00bbintro\u00a0\u00bb _builder_version=\u00a0\u00bb3.15&Prime; text_font_size=\u00a0\u00bb15px\u00a0\u00bb text_text_color=\u00a0\u00bb#191b31&Prime; custom_margin=\u00a0\u00bb|||\u00a0\u00bb custom_padding=\u00a0\u00bb|||\u00a0\u00bb custom_padding_tablet=\u00a0\u00bb0px|||\u00a0\u00bb custom_padding_last_edited=\u00a0\u00bbon|phone\u00a0\u00bb header_2_font_size=\u00a0\u00bb28px\u00a0\u00bb header_2_text_align=\u00a0\u00bbleft\u00a0\u00bb header_2_letter_spacing=\u00a0\u00bb1px\u00a0\u00bb]<\/p>\n<p><strong>L\u2019hiver qu\u00e9b\u00e9cois, avec son lot de trottoirs enneig\u00e9s et verglac\u00e9s, complique quelque peu les choses lorsqu\u2019il s\u2019agit de s\u2019habiller pour un rendez-vous professionnel. Il est pourtant primordial de soigner sa tenue pour une entrevue d\u2019embauche, tout en l\u2019adaptant au secteur d\u2019activit\u00e9 vis\u00e9. La premi\u00e8re impression que le recruteur a de vous passe en effet par votre apparence physique.<\/strong><\/p>\n<p><strong>M\u00eame si les employeurs savent qu\u2019il est difficile de composer avec la m\u00e9t\u00e9o, vous ne vous sentirez pas forc\u00e9ment \u00e0 l\u2019aise et en confiance, v\u00eatu.e d\u2019un gros manteau rembourr\u00e9 et de vos bottes d\u2019hiver. Voici donc quelques conseils pour mieux g\u00e9rer la situation.<\/strong><\/p>\n<p>[\/et_pb_text][\/et_pb_column][\/et_pb_row][et_pb_row][et_pb_column type=\u00a0\u00bb4_4&Prime;][et_pb_text admin_label=\u00a0\u00bbcorps du texte\u00a0\u00bb _builder_version=\u00a0\u00bb3.15&Prime;]<\/p>\n<h3>Pr\u00e9voyez un plan B pour vos pieds<\/h3>\n<p>Pensez \u00e0 apporter une seconde paire de chaussures que vous pourrez enfiler une fois sur place. Il existe \u00e9galement des \u00ab couvres-chaussures \u00bb qu\u2019il vous suffira de retirer \u00e0 votre arriv\u00e9e. Ce n\u2019est certes pas des plus \u00e9l\u00e9gants, mais c\u2019est bien pratique!<\/p>\n<p>[\/et_pb_text][et_pb_image _builder_version=\u00a0\u00bb3.15&Prime; src=\u00a0\u00bbhttps:\/\/ecarrieres.com\/wp-content\/uploads\/2018\/12\/485404-PGR1OI-944.jpg\u00a0\u00bb \/][et_pb_text admin_label=\u00a0\u00bbcorps du texte\u00a0\u00bb _builder_version=\u00a0\u00bb3.15&Prime;]<\/p>\n<h3>\u00c9liminez le manteau encombrant<\/h3>\n<p>Si votre trajet ne n\u00e9cessite pas de passer trop de temps \u00e0 l\u2019ext\u00e9rieur, privil\u00e9giez le port de votre manteau d\u2019automne qui sera probablement plus adapt\u00e9. Dans le cas contraire, retirez votre manteau d\u2019hiver avant de franchir la porte de l\u2019entreprise et gardez-le sous le bras.<\/p>\n<p>[\/et_pb_text][et_pb_text admin_label=\u00a0\u00bbcorps du texte\u00a0\u00bb _builder_version=\u00a0\u00bb3.15&Prime;]<\/p>\n<h3>Facilitez vos d\u00e9placements<\/h3>\n<p>Si vous le pouvez, prenez un taxi pour vous rendre \u00e0 votre entrevue d\u2019embauche. Vous r\u00e9duirez ainsi les risques de vous salir, de faire une chute acrobatique sur la glace, ou tout simplement d\u2019\u00eatre en retard. Consid\u00e9rez d\u2019ailleurs que vous mettrez toujours plus de temps \u00e0 vous pr\u00e9parer et \u00e0 vous d\u00e9placer en hiver. Prenez de l\u2019avance! Si malgr\u00e9 tout vous avez un contre-temps, assurez-vous d&rsquo;avoir les coordonn\u00e9es du recruteur afin de pouvoir le pr\u00e9venir sans tarder.<\/p>\n<p>[\/et_pb_text][et_pb_text admin_label=\u00a0\u00bbcorps du texte\u00a0\u00bb _builder_version=\u00a0\u00bb3.15&Prime;]<\/p>\n<p>En conclusion, faites-en sorte d\u2019arriver en avance pour effectuer tous ces petits ajustements sereinement. Rassurez-vous tout de m\u00eame, les recruteurs connaissent les contraintes d&rsquo;une m\u00e9t\u00e9o capricieuse comme la n\u00f4tre. Mais votre effort sera appr\u00e9ci\u00e9.<\/p>\n<p>Bonne entrevue!<\/p>\n<p>[\/et_pb_text][\/et_pb_column][\/et_pb_row][\/et_pb_section]<\/p>\n","protected":false},"excerpt":{"rendered":"<p>L\u2019hiver qu\u00e9b\u00e9cois, avec son lot de trottoirs enneig\u00e9s et verglac\u00e9s, complique quelque peu les choses lorsqu\u2019il s\u2019agit de s\u2019habiller pour un rendez-vous professionnel. Il est pourtant primordial de soigner sa tenue pour une entrevue d\u2019embauche, tout en l\u2019adaptant au secteur d\u2019activit\u00e9 vis\u00e9. La premi\u00e8re impression que le recruteur a de vous passe en effet par votre apparence physique.<\/p>\n","protected":false},"author":18,"featured_media":0,"comment_status":"closed","ping_status":"closed","sticky":false,"template":"","format":"standard","meta":{"_acf_changed":false,"_et_pb_use_builder":"on","_et_pb_old_content":"","_et_gb_content_width":"","wds_primary_category":0,"footnotes":""},"categories":[49],"tags":[],"class_list":["post-5439","post","type-post","status-publish","format-standard","hentry","category-conseils-aux-chercheurs-demploi"],"acf":[],"publishpress_future_action":{"enabled":false,"date":"2026-05-06 16:57:55","action":"change-status","newStatus":"draft","terms":[],"taxonomy":"category","extraData":[]},"publishpress_future_workflow_manual_trigger":{"enabledWorkflows":[]},"_links":{"self":[{"href":"https:\/\/ecarrieres.com\/fr\/wp-json\/wp\/v2\/posts\/5439","targetHints":{"allow":["GET"]}}],"collection":[{"href":"https:\/\/ecarrieres.com\/fr\/wp-json\/wp\/v2\/posts"}],"about":[{"href":"https:\/\/ecarrieres.com\/fr\/wp-json\/wp\/v2\/types\/post"}],"author":[{"embeddable":true,"href":"https:\/\/ecarrieres.com\/fr\/wp-json\/wp\/v2\/users\/18"}],"replies":[{"embeddable":true,"href":"https:\/\/ecarrieres.com\/fr\/wp-json\/wp\/v2\/comments?post=5439"}],"version-history":[{"count":10,"href":"https:\/\/ecarrieres.com\/fr\/wp-json\/wp\/v2\/posts\/5439\/revisions"}],"predecessor-version":[{"id":6637,"href":"https:\/\/ecarrieres.com\/fr\/wp-json\/wp\/v2\/posts\/5439\/revisions\/6637"}],"wp:attachment":[{"href":"https:\/\/ecarrieres.com\/fr\/wp-json\/wp\/v2\/media?parent=5439"}],"wp:term":[{"taxonomy":"category","embeddable":true,"href":"https:\/\/ecarrieres.com\/fr\/wp-json\/wp\/v2\/categories?post=5439"},{"taxonomy":"post_tag","embeddable":true,"href":"https:\/\/ecarrieres.com\/fr\/wp-json\/wp\/v2\/tags?post=5439"}],"curies":[{"name":"wp","href":"https:\/\/api.w.org\/{rel}","templated":true}]}}